{"id":536,"date":"2016-01-29T17:59:05","date_gmt":"2016-01-29T18:59:05","guid":{"rendered":"http:\/\/usism.pt\/wp\/?p=536"},"modified":"2016-04-18T13:08:46","modified_gmt":"2016-04-18T14:08:46","slug":"alteracao-da-localizacao-dos-servicos-medicos-e-de-enfermagem-das-unidade-de-saude-de-sao-jose-e-matriz","status":"publish","type":"post","link":"https:\/\/usism.azores.gov.pt\/wp\/?p=536","title":{"rendered":"Altera\u00e7\u00e3o da Localiza\u00e7\u00e3o dos Servi\u00e7os M\u00e9dicos e de Enfermagem das Unidade de Sa\u00fade de S\u00e3o Jos\u00e9 e Matriz"},"content":{"rendered":"<p>Avisam-se todos os utentes que os servi\u00e7os m\u00e9dicos e de enfermagem, at\u00e9 ent\u00e3o a funcionar nas Unidades de Sa\u00fade de S\u00e3o Jos\u00e9 e Matriz (Rua Jo\u00e3o F. Cabral e Rua Dr. Bruno Tavares Carreiro), passar\u00e3o a funcionar a partir de segunda feira, dia 1 de fevereiro de 2016, nas novas instala\u00e7\u00f5es do Centro de Sa\u00fade de Ponta Delgada, junto ao Hospital do Divino Esp\u00edrito Santo, mantendo-se o mesmo hor\u00e1rio de funcionamento.<\/p>\n<p>As consultas de medicina dent\u00e1ria, mant\u00eam-se nas instala\u00e7\u00f5es da Unidade de Sa\u00fade da Matriz, sita na Rua Dr. Bruno Tavares Carreiro, sendo brevemente divulgada a data da mudan\u00e7a de instala\u00e7\u00f5es.<\/p>\n<p>Aproveitamos para informar que a C\u00e2mara Municipal de Ponta Delgada criou um servi\u00e7o alternativo de transporte p\u00fablico, um mini bus expresso, que liga o Centro de Ponta Delgada a esta zona da cidade, com a periodicidade de 30 minutos, facilitando o transporte dos utentes at\u00e9 \u00e0s novas instala\u00e7\u00f5es do Centro de Sa\u00fade de Ponta Delgada.<\/p>\n<p>Para mais informa\u00e7\u00f5es, poder\u00e3o contactar os servi\u00e7os atrav\u00e9s do n\u00famero 296 249 220.<\/p>\n","protected":false},"excerpt":{"rendered":"<p>Avisam-se todos os utentes que os servi\u00e7os m\u00e9dicos e de enfermagem, at\u00e9 ent\u00e3o a funcionar nas Unidades de Sa\u00fade de S\u00e3o Jos\u00e9 e Matriz (Rua Jo\u00e3o F. Cabral e Rua Dr. Bruno Tavares Carreiro), passar\u00e3o a funcionar a partir de segunda feira, dia 1 de fevereiro de 2016, nas novas instala\u00e7\u00f5es do Centro de Sa\u00fade [&hellip;]<\/p>\n","protected":false},"author":1,"featured_media":540,"comment_status":"closed","ping_status":"open","sticky":false,"template":"","format":"standard","meta":{"footnotes":""},"categories":[13],"tags":[15],"class_list":["post-536","post","type-post","status-publish","format-standard","has-post-thumbnail","hentry","category-avisos","tag-c-s-ponta-delgada"],"_links":{"self":[{"href":"https:\/\/usism.azores.gov.pt\/wp\/index.php?rest_route=\/wp\/v2\/posts\/536","targetHints":{"allow":["GET"]}}],"collection":[{"href":"https:\/\/usism.azores.gov.pt\/wp\/index.php?rest_route=\/wp\/v2\/posts"}],"about":[{"href":"https:\/\/usism.azores.gov.pt\/wp\/index.php?rest_route=\/wp\/v2\/types\/post"}],"author":[{"embeddable":true,"href":"https:\/\/usism.azores.gov.pt\/wp\/index.php?rest_route=\/wp\/v2\/users\/1"}],"replies":[{"embeddable":true,"href":"https:\/\/usism.azores.gov.pt\/wp\/index.php?rest_route=%2Fwp%2Fv2%2Fcomments&post=536"}],"version-history":[{"count":6,"href":"https:\/\/usism.azores.gov.pt\/wp\/index.php?rest_route=\/wp\/v2\/posts\/536\/revisions"}],"predecessor-version":[{"id":582,"href":"https:\/\/usism.azores.gov.pt\/wp\/index.php?rest_route=\/wp\/v2\/posts\/536\/revisions\/582"}],"wp:featuredmedia":[{"embeddable":true,"href":"https:\/\/usism.azores.gov.pt\/wp\/index.php?rest_route=\/wp\/v2\/media\/540"}],"wp:attachment":[{"href":"https:\/\/usism.azores.gov.pt\/wp\/index.php?rest_route=%2Fwp%2Fv2%2Fmedia&parent=536"}],"wp:term":[{"taxonomy":"category","embeddable":true,"href":"https:\/\/usism.azores.gov.pt\/wp\/index.php?rest_route=%2Fwp%2Fv2%2Fcategories&post=536"},{"taxonomy":"post_tag","embeddable":true,"href":"https:\/\/usism.azores.gov.pt\/wp\/index.php?rest_route=%2Fwp%2Fv2%2Ftags&post=536"}],"curies":[{"name":"wp","href":"https:\/\/api.w.org\/{rel}","templated":true}]}}