{"id":2863,"date":"2024-11-29T11:56:36","date_gmt":"2024-11-29T12:56:36","guid":{"rendered":"https:\/\/usism.azores.gov.pt\/wp\/?p=2863"},"modified":"2024-11-29T11:58:13","modified_gmt":"2024-11-29T12:58:13","slug":"ii-jornadas-da-unidade-de-saude-publica-da-usism","status":"publish","type":"post","link":"https:\/\/usism.azores.gov.pt\/wp\/?p=2863","title":{"rendered":"II Jornadas da Unidade de Sa\u00fade P\u00fablica da USISM"},"content":{"rendered":"<div class=\"x11i5rnm xat24cr x1mh8g0r x1vvkbs xtlvy1s x126k92a\">\n<div dir=\"auto\">As II Jornadas da Unidade de Sa\u00fade P\u00fablica da Unidade de Sa\u00fade da Ilha de S\u00e3o Miguel s\u00e3o um evento cient\u00edfico organizado pela equipa da Unidade de Sa\u00fade P\u00fablica da USISM, sem fins lucrativos, que tem o objetivo de se consagrar com encontros peri\u00f3dicos bianuais, para produ\u00e7\u00e3o e dissemina\u00e7\u00e3o de conhecimento.<\/div>\n<\/div>\n<div dir=\"auto\"><\/div>\n<div dir=\"auto\"><\/div>\n<div class=\"x11i5rnm xat24cr x1mh8g0r x1vvkbs xtlvy1s x126k92a\">\n<div dir=\"auto\"><span class=\"html-span xexx8yu x4uap5 x18d9i69 xkhd6sd x1hl2dhg x16tdsg8 x1vvkbs x3nfvp2 x1j61x8r x1fcty0u xdj266r xat24cr xgzva0m xhhsvwb xxymvpz xlup9mm x1kky2od\"><img decoding=\"async\" class=\"xz74otr\" src=\"https:\/\/static.xx.fbcdn.net\/images\/emoji.php\/v9\/t7e\/1\/16\/1f4c5.png\" alt=\"\ud83d\udcc5\" width=\"16\" height=\"16\" \/><\/span> 23 e 24 de janeiro de 2025<\/div>\n<\/div>\n<div class=\"x11i5rnm xat24cr x1mh8g0r x1vvkbs xtlvy1s x126k92a\">\n<div dir=\"auto\"><span class=\"html-span xexx8yu x4uap5 x18d9i69 xkhd6sd x1hl2dhg x16tdsg8 x1vvkbs x3nfvp2 x1j61x8r x1fcty0u xdj266r xat24cr xgzva0m xhhsvwb xxymvpz xlup9mm x1kky2od\"><img decoding=\"async\" class=\"xz74otr\" src=\"https:\/\/static.xx.fbcdn.net\/images\/emoji.php\/v9\/t2d\/1\/16\/1f4cd.png\" alt=\"\ud83d\udccd\" width=\"16\" height=\"16\" \/><\/span> Nonagon, Lagoa \u2013 S\u00e3o Miguel (A\u00e7ores)<\/div>\n<div dir=\"auto\"><span class=\"html-span xexx8yu x4uap5 x18d9i69 xkhd6sd x1hl2dhg x16tdsg8 x1vvkbs x3nfvp2 x1j61x8r x1fcty0u xdj266r xat24cr xgzva0m xhhsvwb xxymvpz xlup9mm x1kky2od\"><img decoding=\"async\" class=\"xz74otr\" src=\"https:\/\/static.xx.fbcdn.net\/images\/emoji.php\/v9\/tac\/1\/16\/1f3ab.png\" alt=\"\ud83c\udfab\" width=\"16\" height=\"16\" \/><\/span> Entrada Gratuita &#8211; mediante inscri\u00e7\u00e3o pr\u00e9via e limitada \u00e0 capacidade do espa\u00e7o<\/div>\n<\/div>\n<div dir=\"auto\"><\/div>\n<div dir=\"auto\"><\/div>\n<div dir=\"auto\">Consulte mais informa\u00e7\u00f5es e inscreva-se em: <a href=\"https:\/\/usism.azores.gov.pt\/jornadasusp\/\" target=\"_blank\" rel=\"noopener\">https:\/\/usism.azores.gov.pt\/jornadasusp\/<\/a><\/div>\n","protected":false},"excerpt":{"rendered":"<p>As II Jornadas da Unidade de Sa\u00fade P\u00fablica da Unidade de Sa\u00fade da Ilha de S\u00e3o Miguel s\u00e3o um evento cient\u00edfico organizado pela equipa da Unidade de Sa\u00fade P\u00fablica da USISM, sem fins lucrativos, que tem o objetivo de se consagrar com encontros peri\u00f3dicos bianuais, para produ\u00e7\u00e3o e dissemina\u00e7\u00e3o de conhecimento. 23 e 24 de [&hellip;]<\/p>\n","protected":false},"author":1,"featured_media":2859,"comment_status":"closed","ping_status":"open","sticky":false,"template":"","format":"standard","meta":{"footnotes":""},"categories":[6],"tags":[],"class_list":["post-2863","post","type-post","status-publish","format-standard","has-post-thumbnail","hentry","category-eventos"],"_links":{"self":[{"href":"https:\/\/usism.azores.gov.pt\/wp\/index.php?rest_route=\/wp\/v2\/posts\/2863","targetHints":{"allow":["GET"]}}],"collection":[{"href":"https:\/\/usism.azores.gov.pt\/wp\/index.php?rest_route=\/wp\/v2\/posts"}],"about":[{"href":"https:\/\/usism.azores.gov.pt\/wp\/index.php?rest_route=\/wp\/v2\/types\/post"}],"author":[{"embeddable":true,"href":"https:\/\/usism.azores.gov.pt\/wp\/index.php?rest_route=\/wp\/v2\/users\/1"}],"replies":[{"embeddable":true,"href":"https:\/\/usism.azores.gov.pt\/wp\/index.php?rest_route=%2Fwp%2Fv2%2Fcomments&post=2863"}],"version-history":[{"count":3,"href":"https:\/\/usism.azores.gov.pt\/wp\/index.php?rest_route=\/wp\/v2\/posts\/2863\/revisions"}],"predecessor-version":[{"id":2866,"href":"https:\/\/usism.azores.gov.pt\/wp\/index.php?rest_route=\/wp\/v2\/posts\/2863\/revisions\/2866"}],"wp:featuredmedia":[{"embeddable":true,"href":"https:\/\/usism.azores.gov.pt\/wp\/index.php?rest_route=\/wp\/v2\/media\/2859"}],"wp:attachment":[{"href":"https:\/\/usism.azores.gov.pt\/wp\/index.php?rest_route=%2Fwp%2Fv2%2Fmedia&parent=2863"}],"wp:term":[{"taxonomy":"category","embeddable":true,"href":"https:\/\/usism.azores.gov.pt\/wp\/index.php?rest_route=%2Fwp%2Fv2%2Fcategories&post=2863"},{"taxonomy":"post_tag","embeddable":true,"href":"https:\/\/usism.azores.gov.pt\/wp\/index.php?rest_route=%2Fwp%2Fv2%2Ftags&post=2863"}],"curies":[{"name":"wp","href":"https:\/\/api.w.org\/{rel}","templated":true}]}}