{"id":2752,"date":"2024-05-08T11:37:20","date_gmt":"2024-05-08T12:37:20","guid":{"rendered":"https:\/\/usism.azores.gov.pt\/wp\/?p=2752"},"modified":"2024-05-08T19:20:43","modified_gmt":"2024-05-08T20:20:43","slug":"comunicado-n-o2-abertura-de-servico-de-atendimento-urgente-no-c-s-da-lagoa","status":"publish","type":"post","link":"https:\/\/usism.azores.gov.pt\/wp\/?p=2752","title":{"rendered":"Comunicado N.\u00ba2 \u2013 Abertura de Servi\u00e7o de Atendimento Urgente no C.S. da Lagoa"},"content":{"rendered":"<p>Considerando a situa\u00e7\u00e3o de calamidade p\u00fablica regional declarada pelo Governo Regional dos A\u00e7ores originada pelo encerramento do Hospital do Divino Esp\u00edrito Santos de Ponta Delgada (HDES) vem a Unidade de Sa\u00fade de Ilha de S\u00e3o Miguel (USISM) transmitir o seguinte:<\/p>\n<p><u>Informa-se que a partir das 16h de hoje, 8 de maio de 2024, o Centro de Sa\u00fade da Lagoa disp\u00f5e de um Servi\u00e7o de Atendimento Urgente (SAU) que funcionar\u00e1 todos os dias das 8h \u00e0s 24h e que se destina ao atendimento de situa\u00e7\u00f5es pouco urgentes (vulgo: azuis e verdes) da popula\u00e7\u00e3o adulta (com 18 ou mais anos)<\/u><\/p>\n<p><u>Este novo servi\u00e7o \u00e9 composto por dois gabinetes m\u00e9dicos e dois espa\u00e7os para realiza\u00e7\u00e3o de interven\u00e7\u00f5es de enfermagem e complementa a oferta de unidades de urg\u00eancia j\u00e1 existente. Antes de se dirigirem a este servi\u00e7o os utentes dever\u00e3o ligar para a Linha de Sa\u00fade 808 24 60 24.<\/u><\/p>\n<p><u>O SAU do Centro de Sa\u00fade da Lagoa localiza-se no piso -1 e o acesso ser\u00e1 feito pela entrada lateral no exterior do edif\u00edcio (Rua Francisco Carreiro da Costa,<\/u> <u>9560-105 Lagoa)<\/u><\/p>\n<p>Recordamos que a USISM disp\u00f5e de Unidades B\u00e1sicas de Urg\u00eancia abertas 24 horas por dia nos Centros de Sa\u00fade de Nordeste, Povoa\u00e7\u00e3o, Ribeira Grande e Vila Franca do Campo e solicitamos que antes de se dirigirem a qualquer um destes servi\u00e7os, contactem:<\/p>\n<ul>\n<li><strong>Linha de Emerg\u00eancia 112<\/strong> \u2013 Em caso de urg\u00eancia e\/ou acidente;<\/li>\n<li><strong>Linha de Sa\u00fade A\u00e7ores 808 24 60 24<\/strong> \u2013 Para situa\u00e7\u00f5es de doen\u00e7a aguda, descompensa\u00e7\u00e3o de doen\u00e7a cr\u00f3nica ou outras situa\u00e7\u00f5es.<\/li>\n<\/ul>\n","protected":false},"excerpt":{"rendered":"<p>Considerando a situa\u00e7\u00e3o de calamidade p\u00fablica regional declarada pelo Governo Regional dos A\u00e7ores originada pelo encerramento do Hospital do Divino Esp\u00edrito Santos de Ponta Delgada (HDES) vem a Unidade de Sa\u00fade de Ilha de S\u00e3o Miguel (USISM) transmitir o seguinte: Informa-se que a partir das 16h de hoje, 8 de maio de 2024, o Centro [&hellip;]<\/p>\n","protected":false},"author":1,"featured_media":1803,"comment_status":"closed","ping_status":"open","sticky":false,"template":"","format":"standard","meta":{"footnotes":""},"categories":[13,9,10],"tags":[],"class_list":["post-2752","post","type-post","status-publish","format-standard","has-post-thumbnail","hentry","category-avisos","category-informacoes","category-notas-de-imprensa"],"_links":{"self":[{"href":"https:\/\/usism.azores.gov.pt\/wp\/index.php?rest_route=\/wp\/v2\/posts\/2752","targetHints":{"allow":["GET"]}}],"collection":[{"href":"https:\/\/usism.azores.gov.pt\/wp\/index.php?rest_route=\/wp\/v2\/posts"}],"about":[{"href":"https:\/\/usism.azores.gov.pt\/wp\/index.php?rest_route=\/wp\/v2\/types\/post"}],"author":[{"embeddable":true,"href":"https:\/\/usism.azores.gov.pt\/wp\/index.php?rest_route=\/wp\/v2\/users\/1"}],"replies":[{"embeddable":true,"href":"https:\/\/usism.azores.gov.pt\/wp\/index.php?rest_route=%2Fwp%2Fv2%2Fcomments&post=2752"}],"version-history":[{"count":2,"href":"https:\/\/usism.azores.gov.pt\/wp\/index.php?rest_route=\/wp\/v2\/posts\/2752\/revisions"}],"predecessor-version":[{"id":2754,"href":"https:\/\/usism.azores.gov.pt\/wp\/index.php?rest_route=\/wp\/v2\/posts\/2752\/revisions\/2754"}],"wp:featuredmedia":[{"embeddable":true,"href":"https:\/\/usism.azores.gov.pt\/wp\/index.php?rest_route=\/wp\/v2\/media\/1803"}],"wp:attachment":[{"href":"https:\/\/usism.azores.gov.pt\/wp\/index.php?rest_route=%2Fwp%2Fv2%2Fmedia&parent=2752"}],"wp:term":[{"taxonomy":"category","embeddable":true,"href":"https:\/\/usism.azores.gov.pt\/wp\/index.php?rest_route=%2Fwp%2Fv2%2Fcategories&post=2752"},{"taxonomy":"post_tag","embeddable":true,"href":"https:\/\/usism.azores.gov.pt\/wp\/index.php?rest_route=%2Fwp%2Fv2%2Ftags&post=2752"}],"curies":[{"name":"wp","href":"https:\/\/api.w.org\/{rel}","templated":true}]}}