{"id":1794,"date":"2020-11-11T09:15:42","date_gmt":"2020-11-11T10:15:42","guid":{"rendered":"http:\/\/usism.pt\/wp\/?p=1794"},"modified":"2020-11-11T09:15:42","modified_gmt":"2020-11-11T10:15:42","slug":"encerramento-pontual-da-unidade-de-saude-da-lagoa","status":"publish","type":"post","link":"https:\/\/usism.azores.gov.pt\/wp\/?p=1794","title":{"rendered":"Encerramento Pontual da Unidade de Sa\u00fade da Lagoa"},"content":{"rendered":"<h3 style=\"text-align: center;\">Comunicado<\/h3>\n<p>O Conselho de Administra\u00e7\u00e3o da Unidade de Sa\u00fade da Ilha de S\u00e3o Miguel no seguimento da confirma\u00e7\u00e3o de um caso positivo, de um profissional de sa\u00fade, na Unidade de Sa\u00fade da Lagoa, e ap\u00f3s instru\u00e7\u00f5es da Autoridade Concelhia de Sa\u00fade \u00a0, por quest\u00f5es de seguran\u00e7a e salvaguarda de todos os utentes e funcion\u00e1rios informa que a partir de hoje encerra a Unidade de Sa\u00fade da Lagoa.<\/p>\n<p>Tendo em considera\u00e7\u00e3o a preven\u00e7\u00e3o e mitiga\u00e7\u00e3o da cadeia de transmiss\u00e3o da Covid-19 salienta, ainda, o seguinte:<\/p>\n<ol>\n<li>Est\u00e1 encerrada a Unidade de Sa\u00fade da Lagoa, entre os dias 10 e 20\/Novembro;<\/li>\n<li>Est\u00e3o a ser identificados, pela Autoridade de Sa\u00fade Concelhia, todos os contactos de risco. Os utentes que estiveram presencialmente na USLagoa e n\u00e3o forem considerados de risco <strong>N\u00c3O<\/strong> ser\u00e3o contactados;<\/li>\n<li>Est\u00e3o a ser contactados todos os utentes com agendamento para os dias em quest\u00e3o e efetuadas altera\u00e7\u00f5es aos servi\u00e7os e de avalia\u00e7\u00e3o presenciais que foram previstas para os dias de encerramento;<\/li>\n<li>Est\u00e3o dispon\u00edveis para pedido de receitu\u00e1rio os seguintes contactos:\u00a0 <a href=\"mailto:usismiguel.lagoa@azores.gov.pt\">usismiguel.lagoa@azores.gov.pt<\/a> ou 296\u00a0249 220;<\/li>\n<li>Tratamento e Cuidados Domicili\u00e1rios ser\u00e3o assegurados pela Equipa de Apoio Integrado Domicili\u00e1rio do Centro de Sa\u00fade de Ponta Delgada (CSPD);<\/li>\n<li>Tratamentos de feridas e injet\u00e1veis ser\u00e3o assegurados no SAC \u2013 Servi\u00e7o de Atendimento Complementar do CSPD;<\/li>\n<li>Consultas de situa\u00e7\u00f5es agudas ser\u00e3o asseguradas no SAC &#8211; Servi\u00e7o de Atendimento Complementar do CSPD;<\/li>\n<\/ol>\n<p>Por fim, salienta-se que as medidas de preven\u00e7\u00e3o agora implementadas t\u00eam de ser cumpridas tanto a n\u00edvel institucional como a n\u00edvel pessoal<\/p>\n<p>Em caso de sintomas, n\u00e3o procure um Hospital ou Unidade de Sa\u00fade, mas ligue para a Linha de Sa\u00fade A\u00e7ores &#8211; 808 24 60 24.<\/p>\n","protected":false},"excerpt":{"rendered":"<p>Comunicado O Conselho de Administra\u00e7\u00e3o da Unidade de Sa\u00fade da Ilha de S\u00e3o Miguel no seguimento da confirma\u00e7\u00e3o de um caso positivo, de um profissional de sa\u00fade, na Unidade de Sa\u00fade da Lagoa, e ap\u00f3s instru\u00e7\u00f5es da Autoridade Concelhia de Sa\u00fade \u00a0, por quest\u00f5es de seguran\u00e7a e salvaguarda de todos os utentes e funcion\u00e1rios informa [&hellip;]<\/p>\n","protected":false},"author":1,"featured_media":1795,"comment_status":"closed","ping_status":"open","sticky":false,"template":"","format":"standard","meta":{"footnotes":""},"categories":[13,10],"tags":[],"class_list":["post-1794","post","type-post","status-publish","format-standard","has-post-thumbnail","hentry","category-avisos","category-notas-de-imprensa"],"_links":{"self":[{"href":"https:\/\/usism.azores.gov.pt\/wp\/index.php?rest_route=\/wp\/v2\/posts\/1794","targetHints":{"allow":["GET"]}}],"collection":[{"href":"https:\/\/usism.azores.gov.pt\/wp\/index.php?rest_route=\/wp\/v2\/posts"}],"about":[{"href":"https:\/\/usism.azores.gov.pt\/wp\/index.php?rest_route=\/wp\/v2\/types\/post"}],"author":[{"embeddable":true,"href":"https:\/\/usism.azores.gov.pt\/wp\/index.php?rest_route=\/wp\/v2\/users\/1"}],"replies":[{"embeddable":true,"href":"https:\/\/usism.azores.gov.pt\/wp\/index.php?rest_route=%2Fwp%2Fv2%2Fcomments&post=1794"}],"version-history":[{"count":1,"href":"https:\/\/usism.azores.gov.pt\/wp\/index.php?rest_route=\/wp\/v2\/posts\/1794\/revisions"}],"predecessor-version":[{"id":1796,"href":"https:\/\/usism.azores.gov.pt\/wp\/index.php?rest_route=\/wp\/v2\/posts\/1794\/revisions\/1796"}],"wp:featuredmedia":[{"embeddable":true,"href":"https:\/\/usism.azores.gov.pt\/wp\/index.php?rest_route=\/wp\/v2\/media\/1795"}],"wp:attachment":[{"href":"https:\/\/usism.azores.gov.pt\/wp\/index.php?rest_route=%2Fwp%2Fv2%2Fmedia&parent=1794"}],"wp:term":[{"taxonomy":"category","embeddable":true,"href":"https:\/\/usism.azores.gov.pt\/wp\/index.php?rest_route=%2Fwp%2Fv2%2Fcategories&post=1794"},{"taxonomy":"post_tag","embeddable":true,"href":"https:\/\/usism.azores.gov.pt\/wp\/index.php?rest_route=%2Fwp%2Fv2%2Ftags&post=1794"}],"curies":[{"name":"wp","href":"https:\/\/api.w.org\/{rel}","templated":true}]}}