{"id":1724,"date":"2020-04-15T09:46:14","date_gmt":"2020-04-15T10:46:14","guid":{"rendered":"http:\/\/usism.pt\/wp\/?p=1724"},"modified":"2020-04-15T09:46:14","modified_gmt":"2020-04-15T10:46:14","slug":"regime-excecional-relativo-a-prescricao-eletronica-de-medicamentos-e-respetiva-receita-medica","status":"publish","type":"post","link":"https:\/\/usism.azores.gov.pt\/wp\/?p=1724","title":{"rendered":"Regime excecional relativo \u00e0 prescri\u00e7\u00e3o eletr\u00f3nica de medicamentos e respetiva receita m\u00e9dica"},"content":{"rendered":"<p>Foi publicada a Portaria n.\u00ba 90-A\/2020, de 9 de abril, que cria um regime excecional e tempor\u00e1rio relativo \u00e0 prescri\u00e7\u00e3o eletr\u00f3nica de medicamentos e respetiva receita m\u00e9dica, durante a vig\u00eancia do estado de emerg\u00eancia em Portugal, motivado pela pandemia da Covid-19.<\/p>\n<p>O documento estabelece que as receitas medicas das prescri\u00e7\u00f5es eletr\u00f3nicas de medicamentos, com validade de seis meses, cujo prazo de vig\u00eancia termine durante o atual estado de emerg\u00eancia, consideram-se automaticamente renovadas por igual per\u00edodo.<\/p>\n<p><a href=\"https:\/\/dre.pt\/application\/conteudo\/131338887\" target=\"_blank\" rel=\"noopener noreferrer\">Consultar Portaria n.\u00ba 90-A\/2020 (9 de abril de 2020)<\/a><\/p>\n","protected":false},"excerpt":{"rendered":"<p>Foi publicada a Portaria n.\u00ba 90-A\/2020, de 9 de abril, que cria um regime excecional e tempor\u00e1rio relativo \u00e0 prescri\u00e7\u00e3o eletr\u00f3nica de medicamentos e respetiva receita m\u00e9dica, durante a vig\u00eancia do estado de emerg\u00eancia em Portugal, motivado pela pandemia da Covid-19. O documento estabelece que as receitas medicas das prescri\u00e7\u00f5es eletr\u00f3nicas de medicamentos, com validade [&hellip;]<\/p>\n","protected":false},"author":1,"featured_media":1652,"comment_status":"closed","ping_status":"open","sticky":false,"template":"","format":"standard","meta":{"footnotes":""},"categories":[13,44],"tags":[],"class_list":["post-1724","post","type-post","status-publish","format-standard","has-post-thumbnail","hentry","category-avisos","category-covid-19"],"_links":{"self":[{"href":"https:\/\/usism.azores.gov.pt\/wp\/index.php?rest_route=\/wp\/v2\/posts\/1724","targetHints":{"allow":["GET"]}}],"collection":[{"href":"https:\/\/usism.azores.gov.pt\/wp\/index.php?rest_route=\/wp\/v2\/posts"}],"about":[{"href":"https:\/\/usism.azores.gov.pt\/wp\/index.php?rest_route=\/wp\/v2\/types\/post"}],"author":[{"embeddable":true,"href":"https:\/\/usism.azores.gov.pt\/wp\/index.php?rest_route=\/wp\/v2\/users\/1"}],"replies":[{"embeddable":true,"href":"https:\/\/usism.azores.gov.pt\/wp\/index.php?rest_route=%2Fwp%2Fv2%2Fcomments&post=1724"}],"version-history":[{"count":1,"href":"https:\/\/usism.azores.gov.pt\/wp\/index.php?rest_route=\/wp\/v2\/posts\/1724\/revisions"}],"predecessor-version":[{"id":1725,"href":"https:\/\/usism.azores.gov.pt\/wp\/index.php?rest_route=\/wp\/v2\/posts\/1724\/revisions\/1725"}],"wp:featuredmedia":[{"embeddable":true,"href":"https:\/\/usism.azores.gov.pt\/wp\/index.php?rest_route=\/wp\/v2\/media\/1652"}],"wp:attachment":[{"href":"https:\/\/usism.azores.gov.pt\/wp\/index.php?rest_route=%2Fwp%2Fv2%2Fmedia&parent=1724"}],"wp:term":[{"taxonomy":"category","embeddable":true,"href":"https:\/\/usism.azores.gov.pt\/wp\/index.php?rest_route=%2Fwp%2Fv2%2Fcategories&post=1724"},{"taxonomy":"post_tag","embeddable":true,"href":"https:\/\/usism.azores.gov.pt\/wp\/index.php?rest_route=%2Fwp%2Fv2%2Ftags&post=1724"}],"curies":[{"name":"wp","href":"https:\/\/api.w.org\/{rel}","templated":true}]}}