{"id":1673,"date":"2020-03-20T19:45:33","date_gmt":"2020-03-20T20:45:33","guid":{"rendered":"http:\/\/usism.pt\/wp\/?p=1673"},"modified":"2020-04-09T20:03:24","modified_gmt":"2020-04-09T21:03:24","slug":"notas-informativas-covid-19-usism","status":"publish","type":"post","link":"https:\/\/usism.azores.gov.pt\/wp\/?p=1673","title":{"rendered":"Notas Informativas (COVID-19 USISM)"},"content":{"rendered":"<p><button style=\"color: #ffffff;\">#6 de 9 de abril de 2020 &#8211; Hor\u00e1rio Unidades B\u00e1sicas de Urg\u00eancia<\/button><br \/>\nA Unidade de Sa\u00fade da Ilha de S\u00e3o Miguel informa que a partir das 00h00 do dia 10 de Abril as Unidades B\u00e1sicas de Urg\u00eancia do Centro de Sa\u00fade da Povoa\u00e7\u00e3o e do Centro de Sa\u00fade de Vila Franca do Campo ter\u00e3o o seguinte hor\u00e1rio:<br \/>\nCentro de Sa\u00fade da Povoa\u00e7\u00e3o: das 08h00 \u00e0s 24h00<br \/>\nCentro de Sa\u00fade de Vila Franca do Campo: das 08h00 \u00e0s 20h00<\/p>\n<p><button style=\"color: #ffffff;\">#5 de 25 de mar\u00e7o de 2020 &#8211; Reembolsos e Tesouraria<\/button><br \/>\nInformamos que os Servi\u00e7os de Reembolsos e Tesouraria est\u00e3o encerrados. A entrega de documenta\u00e7\u00e3o e reembolsos dever\u00e1 ser efetuado por marca\u00e7\u00e3o pr\u00e9via via email: sres-usismiguel@azores.gov.pt<br \/>\nDever\u00e1 conter nome, n\u00famero de utente e Concelho de resid\u00eancia.<\/p>\n<p><button style=\"color: #ffffff;\">#4 de 24 de mar\u00e7o de 2020 &#8211; Emiss\u00e3o de Comprovativo de Isolamento Profil\u00e1tico<\/button><br \/>\nOs Delegados de Sa\u00fade Concelhios da Ilha de S\u00e3o Miguel, em colabora\u00e7\u00e3o com a USISM, informam:<br \/>\nSe lhe foi determinado o isolamento profil\u00e1tico e ainda n\u00e3o teve acesso ao seu comprovativo, queira preencher o formul\u00e1rio dispon\u00edvel aqui: <a href=\"https:\/\/forms.office.com\/Pages\/ResponsePage.aspx?id=GHerFHE-GUCJClTtm5L5igZqn-hvQBxBpWH50sp41W1UOTY5QUE5VzAxOFFOVEdJUk5IWlNDTzFSOS4u\" target=\"_blank\" rel=\"noopener noreferrer\">Formul\u00e1rio<\/a><\/p>\n<p><button style=\"color: #ffffff;\">#3 de 20 de mar\u00e7o de 2020 &#8211; Renova\u00e7\u00e3o de Receitur\u00e1rio<\/button><br \/>\nA renova\u00e7\u00e3o do receitu\u00e1rio dos utentes seguidos pelos M\u00e9dicos de Medicina Geral e Familiar da USISM, devem ser atrav\u00e9s dos contactos dispon\u00edveis em: <a href=\"http:\/\/usism.pt\/wp\/servicos\/pedidos-de-receituario\/\" target=\"_blank\" rel=\"noopener noreferrer\">http:\/\/usism.pt\/wp\/servicos\/pedidos-de-receituario\/<\/a><\/p>\n<p><button style=\"color: #ffffff;\">#2 de 18 de mar\u00e7o de 2020 &#8211; Altera\u00e7\u00e3o de Hor\u00e1rio<\/button><br \/>\nA Unidade de Sa\u00fade da Ilha de S\u00e3o Miguel informa todos os utentes que as suas unidades abrem a partir das 08h30.<\/p>\n<p><button style=\"color: #ffffff;\">#1 de 17 de mar\u00e7o de 2020 &#8211; Emiss\u00e3o de Comprovativo de Isolamento Profil\u00e1tico<\/button><br \/>\nOs Delegados de Sa\u00fade Concelhios da Ilha de S\u00e3o Miguel, em colabora\u00e7\u00e3o com a USISM, informam que a todas as pessoas que se encontram de quarentena, emanada no aeroporto de Ponta Delgada, est\u00e1 garantido o envio do comprovativo da situa\u00e7\u00e3o atual para justifica\u00e7\u00e3o junto da entidade patronal.<br \/>\n(o m\u00e9todo e data de entrega ser\u00e1 informado nesta p\u00e1gina)<\/p>\n","protected":false},"excerpt":{"rendered":"<p>#6 de 9 de abril de 2020 &#8211; Hor\u00e1rio Unidades B\u00e1sicas de Urg\u00eancia A Unidade de Sa\u00fade da Ilha de S\u00e3o Miguel informa que a partir das 00h00 do dia 10 de Abril as Unidades B\u00e1sicas de Urg\u00eancia do Centro de Sa\u00fade da Povoa\u00e7\u00e3o e do Centro de Sa\u00fade de Vila Franca do Campo ter\u00e3o [&hellip;]<\/p>\n","protected":false},"author":1,"featured_media":1652,"comment_status":"closed","ping_status":"open","sticky":false,"template":"","format":"standard","meta":{"footnotes":""},"categories":[13,44],"tags":[],"class_list":["post-1673","post","type-post","status-publish","format-standard","has-post-thumbnail","hentry","category-avisos","category-covid-19"],"_links":{"self":[{"href":"https:\/\/usism.azores.gov.pt\/wp\/index.php?rest_route=\/wp\/v2\/posts\/1673","targetHints":{"allow":["GET"]}}],"collection":[{"href":"https:\/\/usism.azores.gov.pt\/wp\/index.php?rest_route=\/wp\/v2\/posts"}],"about":[{"href":"https:\/\/usism.azores.gov.pt\/wp\/index.php?rest_route=\/wp\/v2\/types\/post"}],"author":[{"embeddable":true,"href":"https:\/\/usism.azores.gov.pt\/wp\/index.php?rest_route=\/wp\/v2\/users\/1"}],"replies":[{"embeddable":true,"href":"https:\/\/usism.azores.gov.pt\/wp\/index.php?rest_route=%2Fwp%2Fv2%2Fcomments&post=1673"}],"version-history":[{"count":4,"href":"https:\/\/usism.azores.gov.pt\/wp\/index.php?rest_route=\/wp\/v2\/posts\/1673\/revisions"}],"predecessor-version":[{"id":1720,"href":"https:\/\/usism.azores.gov.pt\/wp\/index.php?rest_route=\/wp\/v2\/posts\/1673\/revisions\/1720"}],"wp:featuredmedia":[{"embeddable":true,"href":"https:\/\/usism.azores.gov.pt\/wp\/index.php?rest_route=\/wp\/v2\/media\/1652"}],"wp:attachment":[{"href":"https:\/\/usism.azores.gov.pt\/wp\/index.php?rest_route=%2Fwp%2Fv2%2Fmedia&parent=1673"}],"wp:term":[{"taxonomy":"category","embeddable":true,"href":"https:\/\/usism.azores.gov.pt\/wp\/index.php?rest_route=%2Fwp%2Fv2%2Fcategories&post=1673"},{"taxonomy":"post_tag","embeddable":true,"href":"https:\/\/usism.azores.gov.pt\/wp\/index.php?rest_route=%2Fwp%2Fv2%2Ftags&post=1673"}],"curies":[{"name":"wp","href":"https:\/\/api.w.org\/{rel}","templated":true}]}}