{"id":1448,"date":"2019-06-05T15:54:11","date_gmt":"2019-06-05T16:54:11","guid":{"rendered":"http:\/\/usism.pt\/wp\/?p=1448"},"modified":"2019-06-05T15:57:19","modified_gmt":"2019-06-05T16:57:19","slug":"dia-mundial-do-ambiente","status":"publish","type":"post","link":"https:\/\/usism.azores.gov.pt\/wp\/?p=1448","title":{"rendered":"Dia Mundial do Ambiente"},"content":{"rendered":"<p><strong>Somos o ar que respiramos. Por isso, fa\u00e7a as melhores op\u00e7\u00f5es para proteger a sua sa\u00fade. Polui\u00e7\u00e3o do ar \u00e9 o tema deste Dia Mundial do Ambiente, 5 de junho.<\/strong><\/p>\n<p><!--more--><\/p>\n<p>Polui\u00e7\u00e3o do ar \u00e9 o tema do Dia Mundial do Ambiente, que se comemora esta quarta-feira, dia 5 de junho.<\/p>\n<p>Em 2019, a Organiza\u00e7\u00e3o das Na\u00e7\u00f5es Unidas (ONU) lan\u00e7a o desafio: assuma o compromisso para combater a polui\u00e7\u00e3o do ar, envergue uma m\u00e1scara e partilhe uma fotografia criativa. Utilize as hashtags #combataapolui\u00e7\u00e3odoar e #diamundialdoambiente.<\/p>\n<p>Portugal est\u00e1 entre os dez pa\u00edses que apresentam melhor qualidade do ar, entre os 41 estados citados no relat\u00f3rio da Ag\u00eancia Europeia do Ambiente. Ainda assim, estima-se que as part\u00edculas PM2.5, NO2 e O3 sejam respons\u00e1veis pela morte de 6.000 portugueses todos os anos.<\/p>\n<p>Os principais <strong>efeitos da polui\u00e7\u00e3o na sa\u00fade humana<\/strong> s\u00e3o:<\/p>\n<ul>\n<li>Doen\u00e7as respirat\u00f3rias (asma, bronquite, enfisema pulmonar) e cardiovasculares (enfarte do mioc\u00e1rdio, acidente vascular cerebral);<\/li>\n<li>Problemas de fertilidade, podendo tamb\u00e9m estar associada a cancro do pulm\u00e3o ou a Alzheimer e dem\u00eancia;<\/li>\n<li>Morte prematura e diminui\u00e7\u00e3o da qualidade de vida.<\/li>\n<\/ul>\n<p>Porque somos o ar que respiramos, <strong>escolha<\/strong>:<\/p>\n<ul>\n<li>Ve\u00edculos de baixas emiss\u00f5es;<\/li>\n<li>Mobilidade partilhada (transportes coletivos, carro, mota ou outros);<\/li>\n<li>Bicicleta;<\/li>\n<li>Andar a p\u00e9.<\/li>\n<\/ul>\n<p>Entender os diferentes tipos de polui\u00e7\u00e3o e como ela afeta a nossa sa\u00fade e o ambiente ajuda-nos a tomar medidas para melhorar a qualidade do ar que respiramos. Neste contexto, a Ag\u00eancia Portuguesa do Ambiente celebrou, no dia 12 de abril de 2019, o primeiro Dia Nacional do Ar, lan\u00e7ando a campanha \u00ab<strong>Por um pa\u00eds com bom ar<\/strong>\u00bb.<\/p>\n<p>A iniciativa da ONU, que data de 1972, tem como objetivo sensibilizar l\u00edderes pol\u00edticos, ind\u00fastria e demais elementos da comunidade para a utiliza\u00e7\u00e3o de energias renov\u00e1veis e a tecnologia verde, a fim de melhorar a qualidade do ar.<\/p>\n<p><iframe src=\"https:\/\/www.youtube.com\/embed\/aJ8A64Fk-CM\" width=\"560\" height=\"315\" frameborder=\"0\" allowfullscreen=\"allowfullscreen\"><\/iframe><\/p>\n<p><strong>Conhe\u00e7a a qualidade do ar que respira:<\/strong><\/p>\n<p>\u00cdndice QualAr &gt; <a title=\"Nova janela: mapa dos \u00edndices\" href=\"https:\/\/qualar.apambiente.pt\/dashboard\/observado\/mapa\/hoje\" target=\"_blank\">Mapa dos \u00edndices provis\u00f3rios da qualidade do ar<\/a><\/p>\n<p><strong>Visite:<\/strong><\/p>\n<ul>\n<li>Por um pa\u00eds com bom ar &#8211; <a title=\"Nova janela: site da campanha\" href=\"https:\/\/por1bom-ar.apambiente.pt\/\" target=\"_blank\">https:\/\/por1bom-ar.apambiente.pt\/<\/a><\/li>\n<li>Dia Mundial do Ambiente &#8211; <a title=\"Nova janela: site do Dia Mundial do Ambiente\" href=\"https:\/\/www.worldenvironmentday.global\/pt-br\" target=\"_blank\">https:\/\/www.worldenvironmentday.global\/pt-br<\/a><\/li>\n<\/ul>\n","protected":false},"excerpt":{"rendered":"<p>Somos o ar que respiramos. Por isso, fa\u00e7a as melhores op\u00e7\u00f5es para proteger a sua sa\u00fade. Polui\u00e7\u00e3o do ar \u00e9 o tema deste Dia Mundial do Ambiente, 5 de junho.<\/p>\n","protected":false},"author":1,"featured_media":1449,"comment_status":"closed","ping_status":"open","sticky":false,"template":"","format":"standard","meta":{"footnotes":""},"categories":[6,9],"tags":[40],"class_list":["post-1448","post","type-post","status-publish","format-standard","has-post-thumbnail","hentry","category-eventos","category-informacoes","tag-saude-ambiental"],"_links":{"self":[{"href":"https:\/\/usism.azores.gov.pt\/wp\/index.php?rest_route=\/wp\/v2\/posts\/1448","targetHints":{"allow":["GET"]}}],"collection":[{"href":"https:\/\/usism.azores.gov.pt\/wp\/index.php?rest_route=\/wp\/v2\/posts"}],"about":[{"href":"https:\/\/usism.azores.gov.pt\/wp\/index.php?rest_route=\/wp\/v2\/types\/post"}],"author":[{"embeddable":true,"href":"https:\/\/usism.azores.gov.pt\/wp\/index.php?rest_route=\/wp\/v2\/users\/1"}],"replies":[{"embeddable":true,"href":"https:\/\/usism.azores.gov.pt\/wp\/index.php?rest_route=%2Fwp%2Fv2%2Fcomments&post=1448"}],"version-history":[{"count":5,"href":"https:\/\/usism.azores.gov.pt\/wp\/index.php?rest_route=\/wp\/v2\/posts\/1448\/revisions"}],"predecessor-version":[{"id":1454,"href":"https:\/\/usism.azores.gov.pt\/wp\/index.php?rest_route=\/wp\/v2\/posts\/1448\/revisions\/1454"}],"wp:featuredmedia":[{"embeddable":true,"href":"https:\/\/usism.azores.gov.pt\/wp\/index.php?rest_route=\/wp\/v2\/media\/1449"}],"wp:attachment":[{"href":"https:\/\/usism.azores.gov.pt\/wp\/index.php?rest_route=%2Fwp%2Fv2%2Fmedia&parent=1448"}],"wp:term":[{"taxonomy":"category","embeddable":true,"href":"https:\/\/usism.azores.gov.pt\/wp\/index.php?rest_route=%2Fwp%2Fv2%2Fcategories&post=1448"},{"taxonomy":"post_tag","embeddable":true,"href":"https:\/\/usism.azores.gov.pt\/wp\/index.php?rest_route=%2Fwp%2Fv2%2Ftags&post=1448"}],"curies":[{"name":"wp","href":"https:\/\/api.w.org\/{rel}","templated":true}]}}