{"id":1426,"date":"2019-05-23T10:27:02","date_gmt":"2019-05-23T11:27:02","guid":{"rendered":"http:\/\/usism.pt\/wp\/?p=1426"},"modified":"2019-05-23T10:35:09","modified_gmt":"2019-05-23T11:35:09","slug":"girafa-aqui-vou-eu","status":"publish","type":"post","link":"https:\/\/usism.azores.gov.pt\/wp\/?p=1426","title":{"rendered":"Girafa! Aqui Vou Eu"},"content":{"rendered":"<p><strong>USISM participa no projeto de interven\u00e7\u00e3o precoce Kebrar. Secret\u00e1rios Regionais da Solidariedade Social e da Sa\u00fade testemunharam assinatura de acordo que visa prevenir pobreza e exclus\u00e3o social.<\/strong><\/p>\n<p><!--more--><\/p>\n<p>A Unidade de Sa\u00fade da Ilha de S\u00e3o Miguel assinou um acordo de colabora\u00e7\u00e3o com a Kair\u00f3s, esta quarta-feira, 22 de maio, no \u00e2mbito do projeto Kebrar. O objetivo consiste em, atrav\u00e9s da interven\u00e7\u00e3o precoce, junto de crian\u00e7as entre os 3 e os 12 anos, prevenir o insucesso e o abandono escolar, contribuindo para a preven\u00e7\u00e3o da pobreza e da exclus\u00e3o social e para a promo\u00e7\u00e3o da igualdade, de oportunidades e g\u00e9nero.<\/p>\n<p>Os Secret\u00e1rios Regionais da Solidariedade Social e da Sa\u00fade, Andreia Cardoso e Rui Lu\u00eds, respetivamente, testemunharam o momento, aproveitando para conhecer melhor este projeto para o desenvolvimento integral e inclusivo das crian\u00e7as.<\/p>\n<p><a href=\"http:\/\/usism.pt\/wp\/wp-content\/uploads\/2019\/05\/kebrar4.jpg\" data-rel=\"lightbox-gallery-zXVILZyO\" data-rl_title=\"\" data-rl_caption=\"\" title=\"\"><img fetchpriority=\"high\" decoding=\"async\" class=\"alignnone size-large wp-image-1428\" src=\"http:\/\/usism.pt\/wp\/wp-content\/uploads\/2019\/05\/kebrar4-1024x576.jpg\" alt=\" \" width=\"648\" height=\"365\" srcset=\"https:\/\/usism.azores.gov.pt\/wp\/wp-content\/uploads\/2019\/05\/kebrar4-1024x576.jpg 1024w, https:\/\/usism.azores.gov.pt\/wp\/wp-content\/uploads\/2019\/05\/kebrar4-300x169.jpg 300w, https:\/\/usism.azores.gov.pt\/wp\/wp-content\/uploads\/2019\/05\/kebrar4-768x432.jpg 768w, https:\/\/usism.azores.gov.pt\/wp\/wp-content\/uploads\/2019\/05\/kebrar4.jpg 2048w\" sizes=\"(max-width: 648px) 100vw, 648px\" \/><\/a><\/p>\n<p>Na ocasi\u00e3o, Andreia Cardoso destacou que a iniciativa vai \u00abao encontro dos objetivos do Governo, enquadrando-se com a primeira prioridade da Estrat\u00e9gia Regional de Combate \u00e0 Pobreza e Exclus\u00e3o Social, que consiste em assegurar a todas as crian\u00e7as e jovens, desde o in\u00edcio de vida, um processo de desenvolvimento integral e inclusivo\u00bb.<\/p>\n<p>Por seu lado, Rui Lu\u00eds afirmou que o projeto traduz o forte empenho do Governo na interven\u00e7\u00e3o precoce na inf\u00e2ncia, atrav\u00e9s do Programa Regional de Interven\u00e7\u00e3o Precoce, que ganha corpo com 17 equipas de interven\u00e7\u00e3o e 120 profissionais de diversas \u00e1reas, que acompanham 307 crian\u00e7as, no terreno.<\/p>\n<p>Salientou o m\u00e9rito de o projeto ir \u00abao encontro das fam\u00edlias na freguesia onde vivem\u00bb, intervindo junto de crian\u00e7as que manifestam atrasos no desenvolvimento ou necessidades educativas especiais, em defesa da igualdade de oportunidades.<\/p>\n<p><a href=\"http:\/\/usism.pt\/wp\/wp-content\/uploads\/2019\/05\/kebrar5.jpg\" data-rel=\"lightbox-gallery-zXVILZyO\" data-rl_title=\"\" data-rl_caption=\"\" title=\"\"><img decoding=\"async\" class=\"alignnone size-large wp-image-1427\" src=\"http:\/\/usism.pt\/wp\/wp-content\/uploads\/2019\/05\/kebrar5-1024x576.jpg\" alt=\"kebrar5\" width=\"648\" height=\"365\" srcset=\"https:\/\/usism.azores.gov.pt\/wp\/wp-content\/uploads\/2019\/05\/kebrar5-1024x576.jpg 1024w, https:\/\/usism.azores.gov.pt\/wp\/wp-content\/uploads\/2019\/05\/kebrar5-300x169.jpg 300w, https:\/\/usism.azores.gov.pt\/wp\/wp-content\/uploads\/2019\/05\/kebrar5-768x432.jpg 768w, https:\/\/usism.azores.gov.pt\/wp\/wp-content\/uploads\/2019\/05\/kebrar5.jpg 2048w\" sizes=\"(max-width: 648px) 100vw, 648px\" \/><\/a><\/p>\n<p>A carrinha da \u00abGirafa! Aqui Vou Eu\u00bb, dotada de equipamento l\u00fadico e did\u00e1tico, percorre diariamente os territ\u00f3rios rurais mais afastados do centro e as zonas urbanas mais desfavorecidas do concelho de Ponta Delgada, intervindo junto de crian\u00e7as entre os 3 e os 12 anos, que prov\u00eam de fam\u00edlias em risco de pobreza ou em situa\u00e7\u00e3o de priva\u00e7\u00e3o.<\/p>\n<p>O refor\u00e7o das compet\u00eancias sociocognitivas das crian\u00e7as, atrav\u00e9s de brincadeiras e jogos l\u00fadico-pedag\u00f3gicos, com atividades que estimulam a linguagem, a criatividade, o pensamento, a leitura, a escrita, a descoberta, tem como objetivo prevenir o insucesso e o abandono escolar.<\/p>\n<p><a href=\"http:\/\/usism.pt\/wp\/wp-content\/uploads\/2019\/05\/kebrar3.jpg\" data-rel=\"lightbox-gallery-zXVILZyO\" data-rl_title=\"\" data-rl_caption=\"\" title=\"\"><img decoding=\"async\" class=\"alignnone size-large wp-image-1429\" src=\"http:\/\/usism.pt\/wp\/wp-content\/uploads\/2019\/05\/kebrar3-1024x576.jpg\" alt=\"kebrar3\" width=\"648\" height=\"365\" srcset=\"https:\/\/usism.azores.gov.pt\/wp\/wp-content\/uploads\/2019\/05\/kebrar3-1024x576.jpg 1024w, https:\/\/usism.azores.gov.pt\/wp\/wp-content\/uploads\/2019\/05\/kebrar3-300x169.jpg 300w, https:\/\/usism.azores.gov.pt\/wp\/wp-content\/uploads\/2019\/05\/kebrar3-768x432.jpg 768w, https:\/\/usism.azores.gov.pt\/wp\/wp-content\/uploads\/2019\/05\/kebrar3.jpg 2048w\" sizes=\"(max-width: 648px) 100vw, 648px\" \/><\/a><\/p>\n<p>A Equipa de Interven\u00e7\u00e3o Precoce da USISM explora os recursos da carrinha \u00abGirafa! Aqui Vou Eu\u00bb duas vezes por semana, refor\u00e7ando a acessibilidade aos servi\u00e7os de interven\u00e7\u00e3o precoce. \u00c9 constitu\u00edda pela coordenadora, um assistente social, uma psic\u00f3loga, uma enfermeira e um m\u00e9dico.<\/p>\n<p>Desenvolvido pela Kair\u00f3s \u2013 Cooperativa de Incuba\u00e7\u00e3o de Iniciativas de Economia Solid\u00e1ria, o projeto tem como parceiros o Instituto da Seguran\u00e7a Social dos A\u00e7ores (ISSA) e a Equipa de Interven\u00e7\u00e3o Precoce da Unidade de Sa\u00fade da Ilha de S\u00e3o Miguel.<\/p>\n<h3>Veja:<\/h3>\n<p>Facebook &gt; <a title=\"Nova janela: \u00e1lbum de fotografias\" href=\"https:\/\/www.facebook.com\/809285805774525\/photos\/?tab=album&amp;album_id=2215350578501367\" target=\"_blank\">\u00c1lbum de fotografias<\/a><\/p>\n","protected":false},"excerpt":{"rendered":"<p>USISM participa no projeto de interven\u00e7\u00e3o precoce Kebrar. Secret\u00e1rios Regionais da Solidariedade Social e da Sa\u00fade testemunharam assinatura de acordo que visa prevenir pobreza e exclus\u00e3o social.<\/p>\n","protected":false},"author":1,"featured_media":1431,"comment_status":"closed","ping_status":"open","sticky":false,"template":"","format":"standard","meta":{"footnotes":""},"categories":[9],"tags":[],"class_list":["post-1426","post","type-post","status-publish","format-standard","has-post-thumbnail","hentry","category-informacoes"],"_links":{"self":[{"href":"https:\/\/usism.azores.gov.pt\/wp\/index.php?rest_route=\/wp\/v2\/posts\/1426","targetHints":{"allow":["GET"]}}],"collection":[{"href":"https:\/\/usism.azores.gov.pt\/wp\/index.php?rest_route=\/wp\/v2\/posts"}],"about":[{"href":"https:\/\/usism.azores.gov.pt\/wp\/index.php?rest_route=\/wp\/v2\/types\/post"}],"author":[{"embeddable":true,"href":"https:\/\/usism.azores.gov.pt\/wp\/index.php?rest_route=\/wp\/v2\/users\/1"}],"replies":[{"embeddable":true,"href":"https:\/\/usism.azores.gov.pt\/wp\/index.php?rest_route=%2Fwp%2Fv2%2Fcomments&post=1426"}],"version-history":[{"count":4,"href":"https:\/\/usism.azores.gov.pt\/wp\/index.php?rest_route=\/wp\/v2\/posts\/1426\/revisions"}],"predecessor-version":[{"id":1435,"href":"https:\/\/usism.azores.gov.pt\/wp\/index.php?rest_route=\/wp\/v2\/posts\/1426\/revisions\/1435"}],"wp:featuredmedia":[{"embeddable":true,"href":"https:\/\/usism.azores.gov.pt\/wp\/index.php?rest_route=\/wp\/v2\/media\/1431"}],"wp:attachment":[{"href":"https:\/\/usism.azores.gov.pt\/wp\/index.php?rest_route=%2Fwp%2Fv2%2Fmedia&parent=1426"}],"wp:term":[{"taxonomy":"category","embeddable":true,"href":"https:\/\/usism.azores.gov.pt\/wp\/index.php?rest_route=%2Fwp%2Fv2%2Fcategories&post=1426"},{"taxonomy":"post_tag","embeddable":true,"href":"https:\/\/usism.azores.gov.pt\/wp\/index.php?rest_route=%2Fwp%2Fv2%2Ftags&post=1426"}],"curies":[{"name":"wp","href":"https:\/\/api.w.org\/{rel}","templated":true}]}}