{"id":1421,"date":"2019-06-03T11:56:30","date_gmt":"2019-06-03T12:56:30","guid":{"rendered":"http:\/\/usism.pt\/wp\/?p=1421"},"modified":"2019-06-03T13:10:04","modified_gmt":"2019-06-03T14:10:04","slug":"cuide-de-si-nos-ajudamos","status":"publish","type":"post","link":"https:\/\/usism.azores.gov.pt\/wp\/?p=1421","title":{"rendered":"Cuide de si, n\u00f3s ajudamos!"},"content":{"rendered":"<p><strong>Conhece o seu m\u00e9dico de fam\u00edlia? O marido da L\u00facia? Os pais da In\u00eas? O av\u00f4 do Jo\u00e3o? Descubra o que pode fazer pela sua sa\u00fade e pela sa\u00fade daqueles que lhe s\u00e3o pr\u00f3ximos.<\/strong><\/p>\n<p><!--more--><\/p>\n<p>Sensibilizar os utentes do Servi\u00e7o Regional de Sa\u00fade para o papel do m\u00e9dico de fam\u00edlia e alertar para comportamentos preventivos em sa\u00fade s\u00e3o os objetivos da campanha produzida pela Comiss\u00e3o de Internos de Medicina Geral e Familiar (MGF) da USISM.<\/p>\n<p>Com o mote \u00abCuide de si, n\u00f3s ajudamos!\u00bb, \u00e9 composta por quatro v\u00eddeos, para difus\u00e3o televisiva, radiof\u00f3nica e atrav\u00e9s das redes sociais. Com uma mensagem curta e efetiva, pretende despertar a comunidade a\u00e7oriana para algumas das principais barreiras existentes na pr\u00e1tica cl\u00ednica, que poder\u00e3o ser ultrapassadas se o utente se responsabilizar pela sua sa\u00fade.<\/p>\n<p>Com produ\u00e7\u00e3o e realiza\u00e7\u00e3o de Filipe Tavares e Sara Ponte e fotografia de Carlos Azevedo, a campanha teve como parceiros, al\u00e9m da USISM, a produtora Ventoencanado, ARTAC \u2013 Associa\u00e7\u00e3o Regional para a Promo\u00e7\u00e3o e Desenvolvimento do Turismo, Arquip\u00e9lago &#8211; Centro de Artes Contempor\u00e2neas, Solidariedarte \u2013 Associa\u00e7\u00e3o de Educa\u00e7\u00e3o e Integra\u00e7\u00e3o pela Arte e Desenvolvimento Cultural Social e Local, Est\u00fadio 13 \u2013 Espa\u00e7o de Ind\u00fastrias Criativas, Bombeiros Volunt\u00e1rios da Ribeira Grande e RTP A\u00e7ores\/Antena 1.<\/p>\n<p>O lan\u00e7amento da campanha decorreu no \u00e2mbito da comemora\u00e7\u00e3o do Dia Mundial do M\u00e9dico de Fam\u00edlia, que teve lugar no passado dia 19 de maio, nas Portas do Mar, em Ponta Delgada, na Mostra da Sa\u00fade.<\/p>\n<hr \/>\n<p><strong>Quem \u00e9 o seu m\u00e9dico de fam\u00edlia?<\/strong><\/p>\n<p>Protagonizado pelos pr\u00f3prios especialistas, o filme pretende responder \u00e0 quest\u00e3o \u00abQuem \u00e9 o seu m\u00e9dico de fam\u00edlia?\u00bb.<\/p>\n<p>E explica \u00abEu sou o m\u00e9dico que melhor conhece a sua hist\u00f3ria, que acompanha a sua fam\u00edlia (\u2026)\u00bb.<\/p>\n<p><iframe src=\"https:\/\/www.youtube.com\/embed\/kyG00H4JFWQ\" width=\"560\" height=\"315\" frameborder=\"0\" allowfullscreen=\"allowfullscreen\"><\/iframe><\/p>\n<hr \/>\n<p><strong>O marido da L\u00facia<\/strong><\/p>\n<p>A L\u00facia confidencia-nos que o marido \u00e9 portador de diabetes. Descuidado, comete erros alimentares, adere mal \u00e0 terap\u00eautica e falta \u00e0s consultas de vigil\u00e2ncia. Por isso, neste momento, est\u00e1 dependente, amputado, a fazer di\u00e1lise e praticamente cego.<\/p>\n<p><iframe src=\"https:\/\/www.youtube.com\/embed\/3lG__Vk1Vo4\" width=\"560\" height=\"315\" frameborder=\"0\" allowfullscreen=\"allowfullscreen\"><\/iframe><\/p>\n<hr \/>\n<p><strong>Os pais da In\u00eas<\/strong><\/p>\n<p>A In\u00eas \u00e9 filha de pais hipertensos, fruto do abuso do sal e da pimenta da terra, do sedentarismo, dos esquecimentos na medica\u00e7\u00e3o e da aus\u00eancia de vigil\u00e2ncia. Alerta para a import\u00e2ncia da vigil\u00e2ncia da press\u00e3o arterial e para a necessidade de responsabiliza\u00e7\u00e3o dos seus pais.<\/p>\n<p><iframe src=\"https:\/\/www.youtube.com\/embed\/lGF_ZadNV_8\" width=\"560\" height=\"315\" frameborder=\"0\" allowfullscreen=\"allowfullscreen\"><\/iframe><\/p>\n<hr \/>\n<p><strong>O av\u00f4 do Jo\u00e3o<\/strong><\/p>\n<p>Com in\u00fameras patologias cr\u00f3nicas e polimedicado, o av\u00f4 do Jo\u00e3o nunca leva a medica\u00e7\u00e3o quando vai ao m\u00e9dico. O Jo\u00e3o alerta que o av\u00f4 tem de fazer a sua parte para que o m\u00e9dico consiga ajudar no controle das suas patologias cr\u00f3nicas.<\/p>\n<p><iframe src=\"https:\/\/www.youtube.com\/embed\/MD0d3Sfy4cs\" width=\"560\" height=\"315\" frameborder=\"0\" allowfullscreen=\"allowfullscreen\"><\/iframe><\/p>\n<p><strong>Para saber mais sobre a campanha, acompanhe o <em>site<\/em> e a p\u00e1gina de Facebook da USISM e da Ventoencanado.<\/strong><\/p>\n<p><strong>Fa\u00e7a \u00abgosto\u00bb e siga-nos:<\/strong><\/p>\n<p>Facebook &gt; <a title=\"Nova janela: p\u00e1gina da USISM no Facebook\" href=\"https:\/\/www.facebook.com\/usism.pt\/\" target=\"_blank\">USISM<\/a><\/p>\n","protected":false},"excerpt":{"rendered":"<p>Conhece o seu m\u00e9dico de fam\u00edlia? O marido da L\u00facia? Os pais da In\u00eas? O av\u00f4 do Jo\u00e3o? Descubra o que pode fazer pela sua sa\u00fade e pela sa\u00fade daqueles que lhe s\u00e3o pr\u00f3ximos.<\/p>\n","protected":false},"author":1,"featured_media":1418,"comment_status":"closed","ping_status":"open","sticky":false,"template":"","format":"standard","meta":{"footnotes":""},"categories":[9],"tags":[],"class_list":["post-1421","post","type-post","status-publish","format-standard","has-post-thumbnail","hentry","category-informacoes"],"_links":{"self":[{"href":"https:\/\/usism.azores.gov.pt\/wp\/index.php?rest_route=\/wp\/v2\/posts\/1421","targetHints":{"allow":["GET"]}}],"collection":[{"href":"https:\/\/usism.azores.gov.pt\/wp\/index.php?rest_route=\/wp\/v2\/posts"}],"about":[{"href":"https:\/\/usism.azores.gov.pt\/wp\/index.php?rest_route=\/wp\/v2\/types\/post"}],"author":[{"embeddable":true,"href":"https:\/\/usism.azores.gov.pt\/wp\/index.php?rest_route=\/wp\/v2\/users\/1"}],"replies":[{"embeddable":true,"href":"https:\/\/usism.azores.gov.pt\/wp\/index.php?rest_route=%2Fwp%2Fv2%2Fcomments&post=1421"}],"version-history":[{"count":6,"href":"https:\/\/usism.azores.gov.pt\/wp\/index.php?rest_route=\/wp\/v2\/posts\/1421\/revisions"}],"predecessor-version":[{"id":1440,"href":"https:\/\/usism.azores.gov.pt\/wp\/index.php?rest_route=\/wp\/v2\/posts\/1421\/revisions\/1440"}],"wp:featuredmedia":[{"embeddable":true,"href":"https:\/\/usism.azores.gov.pt\/wp\/index.php?rest_route=\/wp\/v2\/media\/1418"}],"wp:attachment":[{"href":"https:\/\/usism.azores.gov.pt\/wp\/index.php?rest_route=%2Fwp%2Fv2%2Fmedia&parent=1421"}],"wp:term":[{"taxonomy":"category","embeddable":true,"href":"https:\/\/usism.azores.gov.pt\/wp\/index.php?rest_route=%2Fwp%2Fv2%2Fcategories&post=1421"},{"taxonomy":"post_tag","embeddable":true,"href":"https:\/\/usism.azores.gov.pt\/wp\/index.php?rest_route=%2Fwp%2Fv2%2Ftags&post=1421"}],"curies":[{"name":"wp","href":"https:\/\/api.w.org\/{rel}","templated":true}]}}