{"id":1337,"date":"2019-04-07T00:48:47","date_gmt":"2019-04-07T01:48:47","guid":{"rendered":"http:\/\/usism.pt\/wp\/?p=1337"},"modified":"2019-04-05T15:05:16","modified_gmt":"2019-04-05T16:05:16","slug":"dia-mundial-da-saude","status":"publish","type":"post","link":"https:\/\/usism.azores.gov.pt\/wp\/?p=1337","title":{"rendered":"Dia Mundial da Sa\u00fade"},"content":{"rendered":"<p><strong>Cobertura universal de sa\u00fade \u00e9 o tema escolhido pela OMS para assinalar o Dia Mundial da Sa\u00fade, este domingo, 7 de abril. Os cuidados prim\u00e1rios t\u00eam um papel fulcral.<\/strong><\/p>\n<p><!--more--><\/p>\n<p>Cobertura universal de sa\u00fade \u00e9 o principal objetivo da Organiza\u00e7\u00e3o Mundial da Sa\u00fade (OMS),\u00a0para\u00a0garantir que todos acedem aos cuidados de que necessitam, quando precisam, na sua pr\u00f3pria comunidade.<\/p>\n<p>Apesar dos progressos que t\u00eam sido alcan\u00e7ados\u00a0em todas as regi\u00f5es do mundo, milh\u00f5es de pessoas continuam a n\u00e3o ter acesso a cuidados de sa\u00fade. Muitas mais pessoas s\u00e3o obrigadas a escolher entre cuidados de sa\u00fade e outras despesas b\u00e1sicas, como comida, vestu\u00e1rio e habita\u00e7\u00e3o.<\/p>\n<p>Por esse motivo, a OMS escolheu a cobertura universal para tema do Dia Mundial da Sa\u00fade, assinalado este domingo, 7 de abril.<\/p>\n<p>No \u00e2mbito da comemora\u00e7\u00e3o, lembramos:<\/p>\n<ul>\n<li>A sa\u00fade \u00e9 um direito humano. \u00c9 hora de garantir sa\u00fade a todos.<\/li>\n<li>\u00c9 poss\u00edvel ter cobertura universal de cuidados de sa\u00fade. Como tal, vamos torn\u00e1-la uma realidade.<\/li>\n<li>Cobertura universal de sa\u00fade significa que todas as pessoas acedem aos servi\u00e7os de que necessitam, com qualidade, quando e onde necessitam, sem entraves financeiros.<\/li>\n<li>Pelo menos metade das pessoas, no mundo inteiro, n\u00e3o tem acesso aos cuidados de sa\u00fade de que necessita.<\/li>\n<li>Despesas privadas na sa\u00fade empurram cerca de cem milh\u00f5es de pessoas, todos os anos, para a pobreza extrema.<\/li>\n<li>Para poder ajudar as pessoas que t\u00eam dificuldades de acesso a cuidados de sa\u00fade, \u00e9 essencial saber quem elas s\u00e3o, isto \u00e9, obter dados sobre g\u00e9nero, idade, rendimento, localiza\u00e7\u00e3o, educa\u00e7\u00e3o e outros fatores.<\/li>\n<li>A sa\u00fade \u00e9 um direito humano. Todas as pessoas devem ter acesso a informa\u00e7\u00e3o e aos servi\u00e7os de que necessitam para cuidar da sua pr\u00f3pria sa\u00fade e da sa\u00fade das suas fam\u00edlias.<\/li>\n<li>Cuidados prim\u00e1rios acess\u00edveis e de qualidade s\u00e3o a base da cobertura universal de sa\u00fade.<\/li>\n<li>Cuidados de sa\u00fade inseguros e de baixa qualidade arru\u00ednam vidas e custam trili\u00f5es de d\u00f3lares, todos os anos. Por isso, temos de fazer mais para melhorar a qualidade e a seguran\u00e7a dos servi\u00e7os de sa\u00fade globalmente.<\/li>\n<li>Os cuidados prim\u00e1rios devem ser o primeiro n\u00edvel de contacto com o sistema de sa\u00fade, no qual indiv\u00edduos, fam\u00edlias e comunidades recebem a maior parte dos seus cuidados \u2013 promo\u00e7\u00e3o, preven\u00e7\u00e3o, tratamento, reabilita\u00e7\u00e3o e cuidados paliativos \u2013, t\u00e3o pr\u00f3ximos quanto poss\u00edvel do local onde vivem e trabalham.<\/li>\n<li>Cuidados de sa\u00fade prim\u00e1rios s\u00e3o mais do que tratar uma doen\u00e7a ou condi\u00e7\u00e3o. Consistem em\u00a0cuidar e ajudar as pessoas a melhorarem a sua sa\u00fade e a manterem o seu bem-estar.<\/li>\n<li>Cuidados de sa\u00fade prim\u00e1rios cobrem a maior parte das necessidades, ao longo da vida dos indiv\u00edduos, incluindo rastreio, vacinas, informa\u00e7\u00e3o sobre preven\u00e7\u00e3o, planeamento familiar, tratamentos de curto e longo prazo, coordena\u00e7\u00e3o com outros n\u00edveis de cuidados e reabilita\u00e7\u00e3o.<\/li>\n<li>Cuidados de sa\u00fade prim\u00e1rios s\u00e3o uma forma custo-efetiva e equitativa de prestar cuidados de sa\u00fade e ajudar os Estados a evolu\u00edrem no sentido da cobertura universal de sa\u00fade.<\/li>\n<li>Um sistema com bons cuidados de sa\u00fade prim\u00e1rios produz melhores resultados, \u00e9 custo-efetivo e melhora a qualidade dos cuidados.<\/li>\n<li>Os trabalhadores da sa\u00fade t\u00eam um papel essencial na promo\u00e7\u00e3o de autocuidados, articula\u00e7\u00e3o entre n\u00edveis de cuidados e defesa das necessidades dos doentes perante os gestores e os decisores pol\u00edticos.<\/li>\n<li>Os trabalhadores dos cuidados de sa\u00fade prim\u00e1rios t\u00eam uma rela\u00e7\u00e3o continuada e que se baseia na confian\u00e7a com os pacientes. Conhecer a hist\u00f3ria dos pacientes melhora os cuidados de sa\u00fade e poupa dinheiro.<\/li>\n<li>Os trabalhadores dos cuidados de sa\u00fade prim\u00e1rios s\u00e3o indispens\u00e1veis em surtos e emerg\u00eancia, porque conhecem a tradi\u00e7\u00e3o, a cultura e as pr\u00e1ticas das suas comunidades.<\/li>\n<li>Para concretizar o conceito \u00absa\u00fade para todos\u00bb, necessitamos de indiv\u00edduos e comunidades com acesso a servi\u00e7os de elevada qualidade, para que possam cuidar da sua sa\u00fade e da sa\u00fade das suas fam\u00edlias, profissionais competentes que prestem cuidados de sa\u00fade humanizados e de elevada qualidade e decisores pol\u00edticos comprometidos com o investimento em cuidados de sa\u00fade.<\/li>\n<\/ul>\n<h2><strong>Para saber mais, visite:<\/strong><\/h2>\n<p>Organiza\u00e7\u00e3o Mundial da Sa\u00fade &gt; <a title=\"Nova janela: Dia Mundial da Sa\u00fade no site da OMS\" href=\"https:\/\/www.who.int\/world-health-day\/world-health-day-2019\" target=\"_blank\">Dia Mundial da Sa\u00fade 2019<\/a><\/p>\n","protected":false},"excerpt":{"rendered":"<p>Cobertura universal de sa\u00fade \u00e9 o tema escolhido pela OMS para assinalar o Dia Mundial da Sa\u00fade, este domingo, 7 de abril. Os cuidados prim\u00e1rios t\u00eam um papel fulcral.<\/p>\n","protected":false},"author":1,"featured_media":1339,"comment_status":"closed","ping_status":"open","sticky":false,"template":"","format":"standard","meta":{"footnotes":""},"categories":[6,9],"tags":[],"class_list":["post-1337","post","type-post","status-publish","format-standard","has-post-thumbnail","hentry","category-eventos","category-informacoes"],"_links":{"self":[{"href":"https:\/\/usism.azores.gov.pt\/wp\/index.php?rest_route=\/wp\/v2\/posts\/1337","targetHints":{"allow":["GET"]}}],"collection":[{"href":"https:\/\/usism.azores.gov.pt\/wp\/index.php?rest_route=\/wp\/v2\/posts"}],"about":[{"href":"https:\/\/usism.azores.gov.pt\/wp\/index.php?rest_route=\/wp\/v2\/types\/post"}],"author":[{"embeddable":true,"href":"https:\/\/usism.azores.gov.pt\/wp\/index.php?rest_route=\/wp\/v2\/users\/1"}],"replies":[{"embeddable":true,"href":"https:\/\/usism.azores.gov.pt\/wp\/index.php?rest_route=%2Fwp%2Fv2%2Fcomments&post=1337"}],"version-history":[{"count":2,"href":"https:\/\/usism.azores.gov.pt\/wp\/index.php?rest_route=\/wp\/v2\/posts\/1337\/revisions"}],"predecessor-version":[{"id":1341,"href":"https:\/\/usism.azores.gov.pt\/wp\/index.php?rest_route=\/wp\/v2\/posts\/1337\/revisions\/1341"}],"wp:featuredmedia":[{"embeddable":true,"href":"https:\/\/usism.azores.gov.pt\/wp\/index.php?rest_route=\/wp\/v2\/media\/1339"}],"wp:attachment":[{"href":"https:\/\/usism.azores.gov.pt\/wp\/index.php?rest_route=%2Fwp%2Fv2%2Fmedia&parent=1337"}],"wp:term":[{"taxonomy":"category","embeddable":true,"href":"https:\/\/usism.azores.gov.pt\/wp\/index.php?rest_route=%2Fwp%2Fv2%2Fcategories&post=1337"},{"taxonomy":"post_tag","embeddable":true,"href":"https:\/\/usism.azores.gov.pt\/wp\/index.php?rest_route=%2Fwp%2Fv2%2Ftags&post=1337"}],"curies":[{"name":"wp","href":"https:\/\/api.w.org\/{rel}","templated":true}]}}